{"id":2493,"date":"2025-02-03T11:28:30","date_gmt":"2025-02-03T11:28:30","guid":{"rendered":"https:\/\/centroarrupemalaga.org\/?p=2493"},"modified":"2025-02-03T11:28:30","modified_gmt":"2025-02-03T11:28:30","slug":"conferencia-a-proposito-del-aniversario-de-ecclesiam-suam-sobre-pablo-vi-y-el-dialogo-interreligioso","status":"publish","type":"post","link":"https:\/\/centroarrupemalaga.org\/index.php\/2025\/02\/03\/conferencia-a-proposito-del-aniversario-de-ecclesiam-suam-sobre-pablo-vi-y-el-dialogo-interreligioso\/","title":{"rendered":"Conferencia: \u00abA prop\u00f3sito del aniversario de Ecclesiam suam. Sobre Pablo VI y el di\u00e1logo interreligioso\u00bb"},"content":{"rendered":"\n<div class=\"wp-block-columns are-vertically-aligned-top is-layout-flex wp-container-core-columns-is-layout-763660d3 wp-block-columns-is-layout-flex\" style=\"margin-top:0px;margin-bottom:0px;padding-top:0px;padding-right:0px;padding-bottom:0px;padding-left:0px\">\n<div class=\"wp-block-column is-vertically-aligned-top is-layout-flow wp-block-column-is-layout-flow\">\n<figure class=\"wp-block-image aligncenter size-full has-custom-border\"><img fetchpriority=\"high\" decoding=\"async\" width=\"1920\" height=\"2560\" src=\"https:\/\/centroarrupemalaga.org\/wp-content\/uploads\/2025\/02\/IMG_0782-scaled.jpg\" alt=\"\" class=\"wp-image-2494\" style=\"border-radius:8px;object-fit:cover\" srcset=\"https:\/\/centroarrupemalaga.org\/wp-content\/uploads\/2025\/02\/IMG_0782-scaled.jpg 1920w, https:\/\/centroarrupemalaga.org\/wp-content\/uploads\/2025\/02\/IMG_0782-225x300.jpg 225w, https:\/\/centroarrupemalaga.org\/wp-content\/uploads\/2025\/02\/IMG_0782-768x1024.jpg 768w, https:\/\/centroarrupemalaga.org\/wp-content\/uploads\/2025\/02\/IMG_0782-1152x1536.jpg 1152w, https:\/\/centroarrupemalaga.org\/wp-content\/uploads\/2025\/02\/IMG_0782-1536x2048.jpg 1536w\" sizes=\"(max-width: 1920px) 100vw, 1920px\" \/><\/figure>\n<\/div>\n\n\n\n<div class=\"wp-block-column is-vertically-aligned-top is-layout-flow wp-block-column-is-layout-flow\">\n<p>En la \u00faltima semana de enero siempre nos intentamos unir desde el Centro Arrupe de M\u00e1laga a la Semana de oraci\u00f3n por la unidad de los cristianos. En colaboraci\u00f3n con la Fundaci\u00f3n Lux Mundi, que desde a\u00f1os trabaja en di\u00e1logo con las iglesias cristianas asentadas en la provincia, buscamos un tema que nos ayude a reflexionar al problema de la unidad de los cristianos. Este jueves, veinte y tres de enero, Rafael Vazquez, sacerdote y delegado de ecumenismo en la di\u00f3cesis, nos ha hablado de la enc\u00edclica \u201cEcclesiam Suam\u201d, en su 60 aniversario. El documento fue la primera enc\u00edclica del papa Pablo VI. Fue promulgada el 6 de agosto de 1964 y trata sobre el mandato de la Iglesia en el mundo contempor\u00e1neo. Como nos ha presentado el conferenciante el desarrollo de la enc\u00edclica se articula en torno a tres ejes fundamentales: El primero es el convencimiento que este es un momento en que la Iglesia debe profundizar en la conciencia de s\u00ed misma. El segundo es el deber de actuar de la Iglesia, de corregir los defectos de los propios miembros y de hacer tender a \u00e9stos a una mayor perfecci\u00f3n. El tercero brota de los dos anteriores. \u00bfQu\u00e9 tipo de relaciones debe establecer hoy la Iglesia con el mundo que la rodea, donde ella vive y trabaja?<\/p>\n\n\n\n<p>Rafael V\u00e1zquez no ha querido quedarse en una mera presentaci\u00f3n de la enc\u00edclica, sino que ha querido insistir en la lectura y actualizaci\u00f3n de la misma para el tiempo eclesial en que vivimos. Ha destacado el paralelismo entre Ecclesiam Suam y Evangelium Gaudium. La conexi\u00f3n con el impulso que el papa Francisco ha dado al abrir una nueva etapa de aplicaci\u00f3n del Concilio Vaticano II a partir de la idea de sinodalidad. Y por \u00faltimo c\u00f3mo el jubileo del 2025 y el 1700 aniversario del Concilio de Nicea son claves para acercarse a este documento que hoy nos puede ofrecer claves de lectura fundamentales para la vida de la Iglesia.<\/p>\n<\/div>\n<\/div>\n\n\n\n<figure class=\"wp-block-audio\"><audio controls src=\"https:\/\/centroarrupemalaga.org\/wp-content\/uploads\/2025\/02\/03-20250123-Rafael-Vazquez.mp3\"><\/audio><\/figure>\n\n\n\n<p><\/p>\n","protected":false},"excerpt":{"rendered":"<p>En la \u00faltima semana de enero siempre nos intentamos unir desde el Centro Arrupe de M\u00e1laga a la Semana de oraci\u00f3n por la unidad de los cristianos. En colaboraci\u00f3n con la Fundaci\u00f3n Lux Mundi, que desde a\u00f1os trabaja en di\u00e1logo con las iglesias cristianas asentadas en la provincia, buscamos un tema que nos ayude a [&hellip;]<\/p>\n","protected":false},"author":1,"featured_media":2494,"comment_status":"closed","ping_status":"open","sticky":false,"template":"","format":"standard","meta":{"om_disable_all_campaigns":false,"_uf_show_specific_survey":0,"_uf_disable_surveys":false,"site-sidebar-layout":"default","site-content-layout":"","ast-site-content-layout":"default","site-content-style":"default","site-sidebar-style":"default","ast-global-header-display":"","ast-banner-title-visibility":"","ast-main-header-display":"","ast-hfb-above-header-display":"","ast-hfb-below-header-display":"","ast-hfb-mobile-header-display":"","site-post-title":"","ast-breadcrumbs-content":"","ast-featured-img":"disabled","footer-sml-layout":"","ast-disable-related-posts":"","theme-transparent-header-meta":"","adv-header-id-meta":"","stick-header-meta":"","header-above-stick-meta":"","header-main-stick-meta":"","header-below-stick-meta":"","astra-migrate-meta-layouts":"set","ast-page-background-enabled":"default","ast-page-background-meta":{"desktop":{"background-color":"var(--ast-global-color-4)","background-image":"","background-repeat":"repeat","background-position":"center center","background-size":"auto","background-attachment":"scroll","background-type":"","background-media":"","overlay-type":"","overlay-color":"","overlay-opacity":"","overlay-gradient":""},"tablet":{"background-color":"","background-image":"","background-repeat":"repeat","background-position":"center center","background-size":"auto","background-attachment":"scroll","background-type":"","background-media":"","overlay-type":"","overlay-color":"","overlay-opacity":"","overlay-gradient":""},"mobile":{"background-color":"","background-image":"","background-repeat":"repeat","background-position":"center center","background-size":"auto","background-attachment":"scroll","background-type":"","background-media":"","overlay-type":"","overlay-color":"","overlay-opacity":"","overlay-gradient":""}},"ast-content-background-meta":{"desktop":{"background-color":"var(--ast-global-color-5)","background-image":"","background-repeat":"repeat","background-position":"center center","background-size":"auto","background-attachment":"scroll","background-type":"","background-media":"","overlay-type":"","overlay-color":"","overlay-opacity":"","overlay-gradient":""},"tablet":{"background-color":"var(--ast-global-color-5)","background-image":"","background-repeat":"repeat","background-position":"center center","background-size":"auto","background-attachment":"scroll","background-type":"","background-media":"","overlay-type":"","overlay-color":"","overlay-opacity":"","overlay-gradient":""},"mobile":{"background-color":"var(--ast-global-color-5)","background-image":"","background-repeat":"repeat","background-position":"center center","background-size":"auto","background-attachment":"scroll","background-type":"","background-media":"","overlay-type":"","overlay-color":"","overlay-opacity":"","overlay-gradient":""}},"footnotes":""},"categories":[1],"tags":[],"class_list":["post-2493","post","type-post","status-publish","format-standard","has-post-thumbnail","hentry","category-uncategorized"],"aioseo_notices":[],"_links":{"self":[{"href":"https:\/\/centroarrupemalaga.org\/index.php\/wp-json\/wp\/v2\/posts\/2493","targetHints":{"allow":["GET"]}}],"collection":[{"href":"https:\/\/centroarrupemalaga.org\/index.php\/wp-json\/wp\/v2\/posts"}],"about":[{"href":"https:\/\/centroarrupemalaga.org\/index.php\/wp-json\/wp\/v2\/types\/post"}],"author":[{"embeddable":true,"href":"https:\/\/centroarrupemalaga.org\/index.php\/wp-json\/wp\/v2\/users\/1"}],"replies":[{"embeddable":true,"href":"https:\/\/centroarrupemalaga.org\/index.php\/wp-json\/wp\/v2\/comments?post=2493"}],"version-history":[{"count":1,"href":"https:\/\/centroarrupemalaga.org\/index.php\/wp-json\/wp\/v2\/posts\/2493\/revisions"}],"predecessor-version":[{"id":2496,"href":"https:\/\/centroarrupemalaga.org\/index.php\/wp-json\/wp\/v2\/posts\/2493\/revisions\/2496"}],"wp:featuredmedia":[{"embeddable":true,"href":"https:\/\/centroarrupemalaga.org\/index.php\/wp-json\/wp\/v2\/media\/2494"}],"wp:attachment":[{"href":"https:\/\/centroarrupemalaga.org\/index.php\/wp-json\/wp\/v2\/media?parent=2493"}],"wp:term":[{"taxonomy":"category","embeddable":true,"href":"https:\/\/centroarrupemalaga.org\/index.php\/wp-json\/wp\/v2\/categories?post=2493"},{"taxonomy":"post_tag","embeddable":true,"href":"https:\/\/centroarrupemalaga.org\/index.php\/wp-json\/wp\/v2\/tags?post=2493"}],"curies":[{"name":"wp","href":"https:\/\/api.w.org\/{rel}","templated":true}]}}