{"id":2930,"date":"2026-01-26T11:00:06","date_gmt":"2026-01-26T11:00:06","guid":{"rendered":"https:\/\/centroarrupemalaga.org\/?p=2930"},"modified":"2026-01-26T11:00:07","modified_gmt":"2026-01-26T11:00:07","slug":"resena-de-la-conferencia-sobre-la-exhortacion-apostolica-de-leon-xiv-dilexi-te","status":"publish","type":"post","link":"https:\/\/centroarrupemalaga.org\/index.php\/2026\/01\/26\/resena-de-la-conferencia-sobre-la-exhortacion-apostolica-de-leon-xiv-dilexi-te\/","title":{"rendered":"Rese\u00f1a de la conferencia sobre la Exhortaci\u00f3n Apost\u00f3lica de Le\u00f3n XIV, \u201cDilexi te\u201d"},"content":{"rendered":"\n<div class=\"wp-block-columns are-vertically-aligned-top is-layout-flex wp-container-core-columns-is-layout-763660d3 wp-block-columns-is-layout-flex\" style=\"margin-top:0px;margin-bottom:0px;padding-top:0px;padding-right:0px;padding-bottom:0px;padding-left:0px\">\n<div class=\"wp-block-column is-vertically-aligned-top is-layout-flow wp-block-column-is-layout-flow\">\n<figure class=\"wp-block-image aligncenter size-full is-resized has-custom-border\"><img fetchpriority=\"high\" decoding=\"async\" width=\"1920\" height=\"2560\" src=\"https:\/\/centroarrupemalaga.org\/wp-content\/uploads\/2026\/01\/IMG_2578-scaled.jpg\" alt=\"\" class=\"wp-image-2931\" style=\"border-radius:8px;object-fit:cover;width:456px;height:auto\" srcset=\"https:\/\/centroarrupemalaga.org\/wp-content\/uploads\/2026\/01\/IMG_2578-scaled.jpg 1920w, https:\/\/centroarrupemalaga.org\/wp-content\/uploads\/2026\/01\/IMG_2578-225x300.jpg 225w, https:\/\/centroarrupemalaga.org\/wp-content\/uploads\/2026\/01\/IMG_2578-768x1024.jpg 768w, https:\/\/centroarrupemalaga.org\/wp-content\/uploads\/2026\/01\/IMG_2578-1152x1536.jpg 1152w, https:\/\/centroarrupemalaga.org\/wp-content\/uploads\/2026\/01\/IMG_2578-1536x2048.jpg 1536w\" sizes=\"(max-width: 1920px) 100vw, 1920px\" \/><\/figure>\n<\/div>\n\n\n\n<div class=\"wp-block-column is-vertically-aligned-top is-layout-flow wp-block-column-is-layout-flow\">\n<p>Tras el descanso por las fiestas navide\u00f1as, retomamos las actividades en el Centro Arrupe. Comenzamos con una conferencia sobre la Exhortaci\u00f3n Apost\u00f3lica de Le\u00f3n XIV, \u201cDilexi te\u201d. Se trata del primer documento importante del Papa, publicado en octubre pasado, cinco meses despu\u00e9s de su entronizaci\u00f3n. De la presentaci\u00f3n se ha encargado el jesuita Ildefonso Camacho Lara\u00f1a, profesor em\u00e9rito de la Facultad de Teolog\u00eda de Granada y que fue rector de la misma durante m\u00e1s de una d\u00e9cada. El padre Camacho especialista en moral social y doctrina social de la Iglesia, ha comenzado estableciendo el origen del documento que ten\u00eda bastante preparado Francisco y que ha asumido como suyo el papa Le\u00f3n. Siguiendo las preocupaciones del pontificado del primero, cree descubrir que muchos elementos est\u00e1n reflejados en esta exhortaci\u00f3n, especialmente ha relacionado este documento con \u201cDilexit nos\u201d, la enc\u00edclica sobre el Coraz\u00f3n de Jes\u00fas. Despu\u00e9s ha pasado a desarrollar el contenido del texto destacando como fundamento seis tesis que se pueden descubrir en \u00e9l: La pobreza para la Iglesia no es solo una cuesti\u00f3n social, sino teol\u00f3gica: no afecta solo a la sensibilidad humana, est\u00e1 en juego adem\u00e1s a nuestra comprensi\u00f3n de Dios; La realidad de la pobreza ha marcado a la Iglesia a lo largo de toda su historia y ha generado iniciativas muy distintas; La pobreza sigue siendo una realidad hoy, con formas distintas; Las resistencias (te\u00f3ricas y pr\u00e1cticas) a aceptar la realidad de la pobreza y sus consecuencias son grandes en nuestro mundo; Hay que combatir las causas estructurales de la pobreza, no reducirla solo a una cuesti\u00f3n de beneficencia, y dar la iniciativa a los pobres; La Iglesia, en la que no faltan las resistencias, est\u00e1 urgida hoy a un mayor compromiso que implique a todos sus miembros<\/p>\n<\/div>\n<\/div>\n\n\n\n<figure class=\"wp-block-audio\"><audio controls src=\"https:\/\/centroarrupemalaga.org\/wp-content\/uploads\/2026\/01\/04-260108-Ildefonso-Camacho.mp3\"><\/audio><\/figure>\n","protected":false},"excerpt":{"rendered":"<p>Tras el descanso por las fiestas navide\u00f1as, retomamos las actividades en el Centro Arrupe. Comenzamos con una conferencia sobre la Exhortaci\u00f3n Apost\u00f3lica de Le\u00f3n XIV, \u201cDilexi te\u201d. Se trata del primer documento importante del Papa, publicado en octubre pasado, cinco meses despu\u00e9s de su entronizaci\u00f3n. De la presentaci\u00f3n se ha encargado el jesuita Ildefonso Camacho [&hellip;]<\/p>\n","protected":false},"author":1,"featured_media":2931,"comment_status":"closed","ping_status":"open","sticky":false,"template":"","format":"standard","meta":{"om_disable_all_campaigns":false,"_uf_show_specific_survey":0,"_uf_disable_surveys":false,"site-sidebar-layout":"default","site-content-layout":"","ast-site-content-layout":"default","site-content-style":"default","site-sidebar-style":"default","ast-global-header-display":"","ast-banner-title-visibility":"","ast-main-header-display":"","ast-hfb-above-header-display":"","ast-hfb-below-header-display":"","ast-hfb-mobile-header-display":"","site-post-title":"","ast-breadcrumbs-content":"","ast-featured-img":"disabled","footer-sml-layout":"","ast-disable-related-posts":"","theme-transparent-header-meta":"","adv-header-id-meta":"","stick-header-meta":"","header-above-stick-meta":"","header-main-stick-meta":"","header-below-stick-meta":"","astra-migrate-meta-layouts":"set","ast-page-background-enabled":"default","ast-page-background-meta":{"desktop":{"background-color":"var(--ast-global-color-4)","background-image":"","background-repeat":"repeat","background-position":"center center","background-size":"auto","background-attachment":"scroll","background-type":"","background-media":"","overlay-type":"","overlay-color":"","overlay-opacity":"","overlay-gradient":""},"tablet":{"background-color":"","background-image":"","background-repeat":"repeat","background-position":"center center","background-size":"auto","background-attachment":"scroll","background-type":"","background-media":"","overlay-type":"","overlay-color":"","overlay-opacity":"","overlay-gradient":""},"mobile":{"background-color":"","background-image":"","background-repeat":"repeat","background-position":"center center","background-size":"auto","background-attachment":"scroll","background-type":"","background-media":"","overlay-type":"","overlay-color":"","overlay-opacity":"","overlay-gradient":""}},"ast-content-background-meta":{"desktop":{"background-color":"var(--ast-global-color-5)","background-image":"","background-repeat":"repeat","background-position":"center center","background-size":"auto","background-attachment":"scroll","background-type":"","background-media":"","overlay-type":"","overlay-color":"","overlay-opacity":"","overlay-gradient":""},"tablet":{"background-color":"var(--ast-global-color-5)","background-image":"","background-repeat":"repeat","background-position":"center center","background-size":"auto","background-attachment":"scroll","background-type":"","background-media":"","overlay-type":"","overlay-color":"","overlay-opacity":"","overlay-gradient":""},"mobile":{"background-color":"var(--ast-global-color-5)","background-image":"","background-repeat":"repeat","background-position":"center center","background-size":"auto","background-attachment":"scroll","background-type":"","background-media":"","overlay-type":"","overlay-color":"","overlay-opacity":"","overlay-gradient":""}},"footnotes":""},"categories":[1],"tags":[],"class_list":["post-2930","post","type-post","status-publish","format-standard","has-post-thumbnail","hentry","category-uncategorized"],"aioseo_notices":[],"_links":{"self":[{"href":"https:\/\/centroarrupemalaga.org\/index.php\/wp-json\/wp\/v2\/posts\/2930","targetHints":{"allow":["GET"]}}],"collection":[{"href":"https:\/\/centroarrupemalaga.org\/index.php\/wp-json\/wp\/v2\/posts"}],"about":[{"href":"https:\/\/centroarrupemalaga.org\/index.php\/wp-json\/wp\/v2\/types\/post"}],"author":[{"embeddable":true,"href":"https:\/\/centroarrupemalaga.org\/index.php\/wp-json\/wp\/v2\/users\/1"}],"replies":[{"embeddable":true,"href":"https:\/\/centroarrupemalaga.org\/index.php\/wp-json\/wp\/v2\/comments?post=2930"}],"version-history":[{"count":1,"href":"https:\/\/centroarrupemalaga.org\/index.php\/wp-json\/wp\/v2\/posts\/2930\/revisions"}],"predecessor-version":[{"id":2933,"href":"https:\/\/centroarrupemalaga.org\/index.php\/wp-json\/wp\/v2\/posts\/2930\/revisions\/2933"}],"wp:featuredmedia":[{"embeddable":true,"href":"https:\/\/centroarrupemalaga.org\/index.php\/wp-json\/wp\/v2\/media\/2931"}],"wp:attachment":[{"href":"https:\/\/centroarrupemalaga.org\/index.php\/wp-json\/wp\/v2\/media?parent=2930"}],"wp:term":[{"taxonomy":"category","embeddable":true,"href":"https:\/\/centroarrupemalaga.org\/index.php\/wp-json\/wp\/v2\/categories?post=2930"},{"taxonomy":"post_tag","embeddable":true,"href":"https:\/\/centroarrupemalaga.org\/index.php\/wp-json\/wp\/v2\/tags?post=2930"}],"curies":[{"name":"wp","href":"https:\/\/api.w.org\/{rel}","templated":true}]}}